{"id":3803,"date":"2021-12-10T12:17:31","date_gmt":"2021-12-10T12:17:31","guid":{"rendered":"https:\/\/www.fondazionesaluspueri.it\/?p=3803"},"modified":"2021-12-10T12:50:54","modified_gmt":"2021-12-10T12:50:54","slug":"allarme-bronchiolite-come-riconoscerla","status":"publish","type":"post","link":"https:\/\/www.fondazionesaluspueri.it\/index.php\/2021\/12\/10\/allarme-bronchiolite-come-riconoscerla\/","title":{"rendered":"Allarme BRONCHIOLITE: come riconoscerla?"},"content":{"rendered":"[vc_row][vc_column][vc_column_text]I reparti di Pediatria di molti ospedali italiani sono in affanno e la colpa non \u00e8 del coronavirus. Il responsabile \u00e8 infatti il <strong>Virus Respiratorio Sinciziale (VRS)<\/strong> che quest\u2019anno ha iniziato a circolare prima del solito.<\/p>\n<p><!--more--><\/p>\n<p style=\"margin-bottom: .0001pt;\">Anche se nella maggior parte dei casi l\u2019infezione decorre senza sintomi o con un po\u2019 di raffreddore e tosse, talvolta il virus <strong>pu\u00f2 causare la bronchiolite<\/strong>, una condizione caratterizzata dalla parziale occlusione dei piccoli bronchi e conseguenti difficolt\u00e0 respiratorie. I <strong>pi\u00f9 colpiti sono i bimbi piccoli, sotto l\u2019anno di et\u00e0<\/strong>, nei quali la bronchiolite \u00e8 la causa pi\u00f9 frequente di ricovero.<\/p>\n<p style=\"margin-bottom: .0001pt;\">Un <strong>precoce riconoscimento dell\u2019infezione<\/strong> e alcuni\u00a0<strong>accorgimenti<\/strong> possono aiutare a fare la differenza.<\/p>\n[\/vc_column_text][vc_column_text]\n<h3><strong>IL VADEMECUM<\/strong><\/h3>\n[\/vc_column_text][vc_single_image image=&#8221;3812&#8243; img_size=&#8221;full&#8221; alignment=&#8221;center&#8221; onclick=&#8221;zoom&#8221;][vc_column_text]Esistono poi dei <strong>segnali<\/strong> che devono <strong>indurre a consultare<\/strong> subito il <strong>pediatra<\/strong>.<\/p>\n<p>I principali campanelli d\u2019allarme sono l\u2019insorgere di difficolt\u00e0 respiratorie come respirazione veloce, tosse insistente, movimento delle pinne nasali, respiro rumoroso o ancora la comparsa di un colore violaceo delle labbra e\/o del viso. Inoltre, sono da valutare sempre con attenzione la mancanza di appetito, primo segno che il bambino sta peggiorando con il rischio di disidratazione (labbra secche, poca pip\u00ec, pianto senza lacrime), episodi di apnea, nonch\u00e9 scarsa reattivit\u00e0 o sonnolenza, indicativi di un veloce peggioramento soprattutto nei lattanti sotto i tre mesi.[\/vc_column_text][\/vc_column][\/vc_row]\n","protected":false},"excerpt":{"rendered":"<p>[vc_row][vc_column][vc_column_text]I reparti di Pediatria di molti ospedali italiani sono in affanno e la colpa non \u00e8 del coronavirus. Il responsabile \u00e8 infatti il Virus Respiratorio Sinciziale (VRS) che quest\u2019anno ha iniziato a circolare prima del solito.<\/p>\n","protected":false},"author":3,"featured_media":3817,"comment_status":"open","ping_status":"open","sticky":false,"template":"","format":"standard","meta":[],"categories":[91],"tags":[],"_links":{"self":[{"href":"https:\/\/www.fondazionesaluspueri.it\/index.php\/wp-json\/wp\/v2\/posts\/3803"}],"collection":[{"href":"https:\/\/www.fondazionesaluspueri.it\/index.php\/wp-json\/wp\/v2\/posts"}],"about":[{"href":"https:\/\/www.fondazionesaluspueri.it\/index.php\/wp-json\/wp\/v2\/types\/post"}],"author":[{"embeddable":true,"href":"https:\/\/www.fondazionesaluspueri.it\/index.php\/wp-json\/wp\/v2\/users\/3"}],"replies":[{"embeddable":true,"href":"https:\/\/www.fondazionesaluspueri.it\/index.php\/wp-json\/wp\/v2\/comments?post=3803"}],"version-history":[{"count":10,"href":"https:\/\/www.fondazionesaluspueri.it\/index.php\/wp-json\/wp\/v2\/posts\/3803\/revisions"}],"predecessor-version":[{"id":3816,"href":"https:\/\/www.fondazionesaluspueri.it\/index.php\/wp-json\/wp\/v2\/posts\/3803\/revisions\/3816"}],"wp:featuredmedia":[{"embeddable":true,"href":"https:\/\/www.fondazionesaluspueri.it\/index.php\/wp-json\/wp\/v2\/media\/3817"}],"wp:attachment":[{"href":"https:\/\/www.fondazionesaluspueri.it\/index.php\/wp-json\/wp\/v2\/media?parent=3803"}],"wp:term":[{"taxonomy":"category","embeddable":true,"href":"https:\/\/www.fondazionesaluspueri.it\/index.php\/wp-json\/wp\/v2\/categories?post=3803"},{"taxonomy":"post_tag","embeddable":true,"href":"https:\/\/www.fondazionesaluspueri.it\/index.php\/wp-json\/wp\/v2\/tags?post=3803"}],"curies":[{"name":"wp","href":"https:\/\/api.w.org\/{rel}","templated":true}]}}