{"id":2826,"date":"2020-10-13T10:24:14","date_gmt":"2020-10-13T10:24:14","guid":{"rendered":"https:\/\/www.fondazionesaluspueri.it\/?p=2826"},"modified":"2020-10-15T08:34:12","modified_gmt":"2020-10-15T08:34:12","slug":"inserimento-al-nido","status":"publish","type":"post","link":"https:\/\/www.fondazionesaluspueri.it\/index.php\/2020\/10\/13\/inserimento-al-nido\/","title":{"rendered":"Inserimento al nido"},"content":{"rendered":"[vc_row][vc_column][vc_single_image image=&#8221;2832&#8243; img_size=&#8221;full&#8221;][vc_column_text]\n<h4>Quando avviene?<\/h4>\n<p>Difficile definire l\u2019et\u00e0 in cui il bambino \u00e8 troppo piccolo per il nido perch\u00e9 l\u2019inserimento \u00e8 solitamente tarato sul rientro al lavoro di mamma o pap\u00e0. Ma dal punto di vista evolutivo quando sarebbe pi\u00f9 opportuno?\u00c8 preferibile che accada <strong>quando i genitori si sentono in grado di farlo<\/strong>. Ci\u00f2 significa che \u00e8 consigliabile iniziare quest\u2019esperienza quando si \u00e8 ancora sufficientemente liberi dagli impegni lavorativi, per poter garantire al bambino il tempo necessario all\u2019inserimento. Questo passaggio va effettuato in modo graduale e tutti i nidi, sia pubblici che privati, hanno delle regole ben precise a riguardo. Solitamente vengono consentiti almeno <strong>15 giorni<\/strong> perch\u00e9 il bambino si inserisca nel nuovo ambiente e grandi e piccoli si abituino a separarsi.<\/p>\n<h4>Come avviene?<\/h4>\n<p>Le educatrici dei nidi sono formate per offrire regole funzionali sia alla convivenza tra bambini sia alla separazione dai genitori. Solitamente il bambino star\u00e0\u00a0inizialmente 2 o al massimo 3 ore al nido, in compagnia di uno dei due genitori. Chi lo accompagna ha solo il compito di stare l\u00ec, alla sua portata, nel caso in cui fosse necessaria una presenza rassicurante. <strong>Restare presenti<\/strong>,<strong> ma senza intervenire attivamente<\/strong>, \u00e8 solitamente preferibile affinch\u00e9 il bambino esplori il nuovo ambiente con curiosit\u00e0 \u00a0e senza ansie.<\/p>\n<h4>Cinque cose da evitare:<\/h4>\n<p>1) esprimere con enfasi la propria emotivit\u00e0 per la separazione<\/p>\n<p>2) mostrarsi interessati e disponibili ad altri bambini che non siano il proprio<\/p>\n<p>3) non costringere il bambino ad allontanarsi e a esplorare sempre e comunque, se vuole recuperare un po\u2019 di contatto \u00e8 bene offrirglielo<\/p>\n<p>4) allontanarsi dal nido senza salutarlo per evitare che pianga. Meglio farlo con fermezza ma anche con il tempo e il tatto necessari, ricordandogli e ricordandosi che non lo si sta abbandonando, ma che si ritorner\u00e0 da lui e che questa sar\u00e0 per lui un\u2019esperienza importante[\/vc_column_text][\/vc_column][\/vc_row]\n","protected":false},"excerpt":{"rendered":"<p>[vc_row][vc_column][vc_single_image image=&#8221;2832&#8243; img_size=&#8221;full&#8221;][vc_column_text] Quando avviene? Difficile definire l\u2019et\u00e0 in cui il bambino \u00e8 troppo piccolo per il nido perch\u00e9 l\u2019inserimento \u00e8 solitamente tarato sul rientro al lavoro di mamma o pap\u00e0. Ma dal punto di vista evolutivo quando sarebbe pi\u00f9 opportuno?\u00c8 preferibile che accada quando i genitori si sentono in grado di farlo. Ci\u00f2 significa [&hellip;]<\/p>\n","protected":false},"author":3,"featured_media":2829,"comment_status":"open","ping_status":"open","sticky":false,"template":"","format":"standard","meta":[],"categories":[52,70],"tags":[],"_links":{"self":[{"href":"https:\/\/www.fondazionesaluspueri.it\/index.php\/wp-json\/wp\/v2\/posts\/2826"}],"collection":[{"href":"https:\/\/www.fondazionesaluspueri.it\/index.php\/wp-json\/wp\/v2\/posts"}],"about":[{"href":"https:\/\/www.fondazionesaluspueri.it\/index.php\/wp-json\/wp\/v2\/types\/post"}],"author":[{"embeddable":true,"href":"https:\/\/www.fondazionesaluspueri.it\/index.php\/wp-json\/wp\/v2\/users\/3"}],"replies":[{"embeddable":true,"href":"https:\/\/www.fondazionesaluspueri.it\/index.php\/wp-json\/wp\/v2\/comments?post=2826"}],"version-history":[{"count":6,"href":"https:\/\/www.fondazionesaluspueri.it\/index.php\/wp-json\/wp\/v2\/posts\/2826\/revisions"}],"predecessor-version":[{"id":2978,"href":"https:\/\/www.fondazionesaluspueri.it\/index.php\/wp-json\/wp\/v2\/posts\/2826\/revisions\/2978"}],"wp:featuredmedia":[{"embeddable":true,"href":"https:\/\/www.fondazionesaluspueri.it\/index.php\/wp-json\/wp\/v2\/media\/2829"}],"wp:attachment":[{"href":"https:\/\/www.fondazionesaluspueri.it\/index.php\/wp-json\/wp\/v2\/media?parent=2826"}],"wp:term":[{"taxonomy":"category","embeddable":true,"href":"https:\/\/www.fondazionesaluspueri.it\/index.php\/wp-json\/wp\/v2\/categories?post=2826"},{"taxonomy":"post_tag","embeddable":true,"href":"https:\/\/www.fondazionesaluspueri.it\/index.php\/wp-json\/wp\/v2\/tags?post=2826"}],"curies":[{"name":"wp","href":"https:\/\/api.w.org\/{rel}","templated":true}]}}