{"id":2693,"date":"2020-10-01T13:54:24","date_gmt":"2020-10-01T13:54:24","guid":{"rendered":"https:\/\/www.fondazionesaluspueri.it\/?p=2693"},"modified":"2022-11-29T14:40:21","modified_gmt":"2022-11-29T14:40:21","slug":"screen-time","status":"publish","type":"post","link":"https:\/\/www.fondazionesaluspueri.it\/index.php\/2020\/10\/01\/screen-time\/","title":{"rendered":"Screen-time"},"content":{"rendered":"[vc_row][vc_column][vc_single_image image=&#8221;2697&#8243; img_size=&#8221;full&#8221;][vc_column_text]\n<h4><!--more--><\/h4>\n<p>Lo <strong>SCREEN- TIME<\/strong> \u00e8 l&#8217;unit\u00e0 con cui si misura il tempo che si trascorre davanti a un qualsiasi dispositivo elettronico dotato di schermo. Anche l&#8217;utilizzo di internet e dei social sono attivit\u00e0 incluse nella definizione di screen time.<\/p>\n<p>L&#8217;ultimo decennio ha visto un aumento diffuso della cultura legata all&#8217;uso dei dispositivi elettronici, portando i bambini a un uso eccessivo: per esempio nei bambini di 2 anni questo \u00e8 cresciuto fino a raggiungere il 90%.<\/p>\n<p>Sono state provate correlazioni significative tra quantit\u00e0 il tempo trascorso davanti a uno schermo e lo sviluppo di problematiche infantili e giovanili , che hanno portato l&#8217;Organizzazione Mondiale della Sanit\u00e0\u00a0ad emanare dei consigli informativi sui rischi a cui vengono esposti i giovani.<sup id=\"cite_ref-4\" class=\"reference\"><\/sup><\/p>\n<p><strong>Il 40%<\/strong> dei ragazzi trascorre <strong>pi\u00f9 di 2-3 ore<\/strong> al giorno <strong>davanti alla TV<\/strong> o ai dispositivi elettronici come <strong>smartphones, videogames, tablet<\/strong>. Soprattutto quest&#8217;ultimi sembrano essere l&#8217;intrattenimento preferito da bambini e ragazzi che ormai sembrano aver generato una vera e propria dipendenza, dando vita a una <strong>generazione di iperconnessi.<\/strong><\/p>\n<p>Un uso eccessivo di questi dispositivi in et\u00e0 pediatrica pu\u00f2 implicare che il bambino sviluppi una serie di patologie: obesit\u00e0 e sovrappeso dovuti a uno stile di vita sedentario, deprivazione delle necessarie ore di sonno, uso di sostanze e isolamento. Perch\u00e9 ci\u00f2 non accada \u00e8 importante una corretta gestione del tempo dedicato all&#8217;utilizzo dei dispositivi tecnologi.[\/vc_column_text][\/vc_column][\/vc_row][vc_row][vc_column][vc_single_image image=&#8221;4066&#8243; img_size=&#8221;full&#8221;][\/vc_column][\/vc_row][vc_row][vc_column][vc_single_image image=&#8221;4067&#8243; img_size=&#8221;full&#8221;][\/vc_column][\/vc_row]\n","protected":false},"excerpt":{"rendered":"<p>[vc_row][vc_column][vc_single_image image=&#8221;2697&#8243; img_size=&#8221;full&#8221;][vc_column_text]<\/p>\n","protected":false},"author":3,"featured_media":2694,"comment_status":"open","ping_status":"open","sticky":false,"template":"","format":"standard","meta":[],"categories":[61,64],"tags":[],"_links":{"self":[{"href":"https:\/\/www.fondazionesaluspueri.it\/index.php\/wp-json\/wp\/v2\/posts\/2693"}],"collection":[{"href":"https:\/\/www.fondazionesaluspueri.it\/index.php\/wp-json\/wp\/v2\/posts"}],"about":[{"href":"https:\/\/www.fondazionesaluspueri.it\/index.php\/wp-json\/wp\/v2\/types\/post"}],"author":[{"embeddable":true,"href":"https:\/\/www.fondazionesaluspueri.it\/index.php\/wp-json\/wp\/v2\/users\/3"}],"replies":[{"embeddable":true,"href":"https:\/\/www.fondazionesaluspueri.it\/index.php\/wp-json\/wp\/v2\/comments?post=2693"}],"version-history":[{"count":14,"href":"https:\/\/www.fondazionesaluspueri.it\/index.php\/wp-json\/wp\/v2\/posts\/2693\/revisions"}],"predecessor-version":[{"id":4068,"href":"https:\/\/www.fondazionesaluspueri.it\/index.php\/wp-json\/wp\/v2\/posts\/2693\/revisions\/4068"}],"wp:featuredmedia":[{"embeddable":true,"href":"https:\/\/www.fondazionesaluspueri.it\/index.php\/wp-json\/wp\/v2\/media\/2694"}],"wp:attachment":[{"href":"https:\/\/www.fondazionesaluspueri.it\/index.php\/wp-json\/wp\/v2\/media?parent=2693"}],"wp:term":[{"taxonomy":"category","embeddable":true,"href":"https:\/\/www.fondazionesaluspueri.it\/index.php\/wp-json\/wp\/v2\/categories?post=2693"},{"taxonomy":"post_tag","embeddable":true,"href":"https:\/\/www.fondazionesaluspueri.it\/index.php\/wp-json\/wp\/v2\/tags?post=2693"}],"curies":[{"name":"wp","href":"https:\/\/api.w.org\/{rel}","templated":true}]}}