{"id":2048,"date":"2019-09-30T11:09:56","date_gmt":"2019-09-30T11:09:56","guid":{"rendered":"https:\/\/www.fondazionesaluspueri.it\/?p=2048"},"modified":"2019-09-30T11:35:22","modified_gmt":"2019-09-30T11:35:22","slug":"larea-salute-di-salus-pueri-a-solidaria","status":"publish","type":"post","link":"https:\/\/www.fondazionesaluspueri.it\/index.php\/2019\/09\/30\/larea-salute-di-salus-pueri-a-solidaria\/","title":{"rendered":"L&#8217;Area Salute di Salus Pueri a Solidaria!"},"content":{"rendered":"[vc_row][vc_column][vc_single_image image=&#8221;2049&#8243; img_size=&#8221;full&#8221;][vc_column_text]\n<p class=\"western\" align=\"justify\"><span style=\"font-size: medium;\">Domenica 29 settembre la Fondazione ha partecipato a <em><strong>Solidaria<\/strong><\/em>,<\/span><span style=\"font-size: medium;\">\u00a0la manifestazione dedicata al mondo della solidariet\u00e0 e del volontariato organizzata dal Centro Servizio del Volontariato e dal Comune di Padova in Prato della Valle,<\/span><span style=\"font-size: medium;\">\u00a0con un\u2019ampia <\/span><span style=\"font-size: medium;\"><b>\u00abArea Salute\u00bb<\/b><\/span> <span style=\"font-size: medium;\"><b>dedicata ai bambini e alle loro famiglie.<!--more--><\/b><\/span><\/p>\n<p class=\"western\" align=\"justify\"><span style=\"font-size: medium;\">Con un gazebo dei<\/span><span style=\"font-size: medium;\"><b> pediatri di Fondazione Salus Pueri,\u00a0<\/b><\/span><span style=\"font-size: medium;\">a disposizione per effettuare un <\/span><span style=\"font-size: medium;\"><b>\u201ccheck up crescita\u201d gratuito<\/b><\/span> <span style=\"font-size: medium;\"><b>a tutti i bambini presenti,<\/b>\u00a0e<\/span><span style=\"font-size: medium;\">\u00a0un\u00a0<\/span><span style=\"font-size: medium;\"><b>\u201cPit-stop Allattamento\u201d<\/b><\/span><span style=\"font-size: medium;\"> dedicato ai neo genitori, la Salus Pueri si \u00e8 resa a disposizione di bambini e genitori per riportare una piccola parte delle attivit\u00e0 della Pediatria anche il Prato della Valle. Ma non \u00e8 finita qui! Lo sport, lo svago e le attivit\u00e0 ricreative sono elementi essenziali per una crescita sana e per lo sviluppo armonico dei bambini: per questo abbiamo anche creato un <strong>percorso avventura di 300mq<\/strong>! Centinaia di bambini hanno attraversato una gimkana di ostacoli, con balle di fieno da scavalcare, griglie sotto cui passare strisciando o rotolando, una rete di elastici da oltrepassare senza rimanere invischiati, una serie di pneumatici a terra da saltare senza perdere l&#8217;equilibrio e infine un muro fatto a scala su cui arrampicarsi e da oltrepassare con agilit\u00e0!<\/span><span style=\"font-size: medium;\">\u00a0<\/span><\/p>\n<p align=\"justify\">Una giornata ricca di emozioni e divertimento per tutti, e un ottimo modo per<strong> rendere la Pediatria di Padova sempre pi\u00f9 un&#8217;eccellenza e un punto di riferimento per la cittadinanza<\/strong> e oltre.<\/p>\n[\/vc_column_text][vc_single_image image=&#8221;2052&#8243; img_size=&#8221;full&#8221;][\/vc_column][\/vc_row][vc_row][vc_column width=&#8221;1\/2&#8243;][vc_single_image image=&#8221;2050&#8243; img_size=&#8221;full&#8221;][\/vc_column][vc_column width=&#8221;1\/2&#8243;][vc_single_image image=&#8221;2053&#8243; img_size=&#8221;full&#8221;][\/vc_column][\/vc_row]\n","protected":false},"excerpt":{"rendered":"<p>[vc_row][vc_column][vc_single_image image=&#8221;2049&#8243; img_size=&#8221;full&#8221;][vc_column_text] Domenica 29 settembre la Fondazione ha partecipato a Solidaria,\u00a0la manifestazione dedicata al mondo della solidariet\u00e0 e del volontariato organizzata dal Centro Servizio del Volontariato e dal Comune di Padova in Prato della Valle,\u00a0con un\u2019ampia \u00abArea Salute\u00bb dedicata ai bambini e alle loro famiglie.<\/p>\n","protected":false},"author":3,"featured_media":2059,"comment_status":"open","ping_status":"open","sticky":false,"template":"","format":"standard","meta":[],"categories":[56],"tags":[],"_links":{"self":[{"href":"https:\/\/www.fondazionesaluspueri.it\/index.php\/wp-json\/wp\/v2\/posts\/2048"}],"collection":[{"href":"https:\/\/www.fondazionesaluspueri.it\/index.php\/wp-json\/wp\/v2\/posts"}],"about":[{"href":"https:\/\/www.fondazionesaluspueri.it\/index.php\/wp-json\/wp\/v2\/types\/post"}],"author":[{"embeddable":true,"href":"https:\/\/www.fondazionesaluspueri.it\/index.php\/wp-json\/wp\/v2\/users\/3"}],"replies":[{"embeddable":true,"href":"https:\/\/www.fondazionesaluspueri.it\/index.php\/wp-json\/wp\/v2\/comments?post=2048"}],"version-history":[{"count":6,"href":"https:\/\/www.fondazionesaluspueri.it\/index.php\/wp-json\/wp\/v2\/posts\/2048\/revisions"}],"predecessor-version":[{"id":2062,"href":"https:\/\/www.fondazionesaluspueri.it\/index.php\/wp-json\/wp\/v2\/posts\/2048\/revisions\/2062"}],"wp:featuredmedia":[{"embeddable":true,"href":"https:\/\/www.fondazionesaluspueri.it\/index.php\/wp-json\/wp\/v2\/media\/2059"}],"wp:attachment":[{"href":"https:\/\/www.fondazionesaluspueri.it\/index.php\/wp-json\/wp\/v2\/media?parent=2048"}],"wp:term":[{"taxonomy":"category","embeddable":true,"href":"https:\/\/www.fondazionesaluspueri.it\/index.php\/wp-json\/wp\/v2\/categories?post=2048"},{"taxonomy":"post_tag","embeddable":true,"href":"https:\/\/www.fondazionesaluspueri.it\/index.php\/wp-json\/wp\/v2\/tags?post=2048"}],"curies":[{"name":"wp","href":"https:\/\/api.w.org\/{rel}","templated":true}]}}